{"id":8637,"date":"2017-10-05T21:47:21","date_gmt":"2017-10-05T21:47:21","guid":{"rendered":"http:\/\/www.estudio5con6.es\/?p=8637"},"modified":"2017-10-05T21:47:21","modified_gmt":"2017-10-05T21:47:21","slug":"un-canon-ef-50mm-f1-8-por-14000-e","status":"publish","type":"post","link":"https:\/\/www.estudio5con6.es\/index.php\/2017\/10\/05\/un-canon-ef-50mm-f1-8-por-14000-e\/","title":{"rendered":"Un Canon EF 50mm f\/1.8 por 140,00 \u20ac"},"content":{"rendered":"<p><img loading=\"lazy\" decoding=\"async\" class=\"aligncenter size-full wp-image-8638\" src=\"https:\/\/www.estudio5con6.es\/wp-content\/uploads\/2017\/10\/50mm1.8.jpg\" alt=\"\" width=\"1024\" height=\"1024\" srcset=\"https:\/\/www.estudio5con6.es\/wp-content\/uploads\/2017\/10\/50mm1.8.jpg 1024w, https:\/\/www.estudio5con6.es\/wp-content\/uploads\/2017\/10\/50mm1.8-150x150.jpg 150w, https:\/\/www.estudio5con6.es\/wp-content\/uploads\/2017\/10\/50mm1.8-300x300.jpg 300w, https:\/\/www.estudio5con6.es\/wp-content\/uploads\/2017\/10\/50mm1.8-768x768.jpg 768w, https:\/\/www.estudio5con6.es\/wp-content\/uploads\/2017\/10\/50mm1.8-250x250.jpg 250w, https:\/\/www.estudio5con6.es\/wp-content\/uploads\/2017\/10\/50mm1.8-200x200.jpg 200w\" sizes=\"auto, (max-width: 1024px) 100vw, 1024px\" \/><\/p>\n<p>Los objetivos fijos son los que marcan la diferencia en fotograf\u00eda, cuando usas uno por primera vez te das cuenta de que eso es lo que tu quer\u00edas para tus fotos. Lo digo por experiencia, porque en nuestros cursos de iniciaci\u00f3n tenemos objetivos de estas caracter\u00edsticas para que los alumnos los prueben, y sus reacciones son instant\u00e1neas, es lo primero que se compran al terminar el curso. En esta entrada os traigo el 50 mm EF de Canon, el f\/1.8 STM , muy luminoso, lo suficiente como para obtener ya un bonito bokeh, y lo m\u00e1s importante, crea un desenfoque fant\u00e1stico para retrato por debajo de f\/2.8 y su distancia focal (50mmm) es la que simula la visi\u00f3n humana sin deformar la prespectiva.<\/p>\n<h4>Caracter\u00edsticas:<\/h4>\n<div class=\"form-field\">\n<p><label>Modelo:<\/label><\/p>\n<div class=\"feature-value\">Canon EF 50mm f\/1.8 STM Objetivo<\/div>\n<\/div>\n<div class=\"form-field\">\n<p><label>Tipo de objetivo:<\/label><\/p>\n<div class=\"feature-value\">fijo<\/div>\n<\/div>\n<div class=\"form-field\">\n<p><label>Tipo de objetivo II:<\/label><\/p>\n<div class=\"feature-value\">Normal<\/div>\n<\/div>\n<div class=\"form-field\">\n<p><label>Longitud focal:<\/label><\/p>\n<div class=\"feature-value\">50 mm &#8211; 50 mm<\/div>\n<\/div>\n<div class=\"form-field\">\n<p><label>Tipo de Montura:<\/label><\/p>\n<div class=\"feature-value\">Canon EF<\/div>\n<\/div>\n<div class=\"form-field\">\n<p><label>Abertura m\u00e1xima:<\/label><\/p>\n<div class=\"feature-value\">f\/ 1.8 (W) &#8211; f\/ 1.8 (T)<\/div>\n<\/div>\n<div class=\"form-field\">\n<p><label>Abertura m\u00ednima:<\/label><\/p>\n<div class=\"feature-value\">f\/ 22 (W) &#8211; f\/ 22 (T)<\/div>\n<\/div>\n<div class=\"form-field\">\n<p><label>Enfoque Autom\u00e1tico:<\/label><\/p>\n<div class=\"feature-value\">Si<\/div>\n<\/div>\n<div class=\"form-field\">\n<p><label>Enfoque M\u00ednimo:<\/label><\/p>\n<div class=\"feature-value\">35 cm<\/div>\n<\/div>\n<div class=\"form-field\">\n<p><label>Tama\u00f1o del Filtro:<\/label><\/p>\n<div class=\"feature-value\">49 mm<\/div>\n<\/div>\n<div class=\"form-field\">\n<p><label>Longitud:<\/label><\/p>\n<div class=\"feature-value\">69.2 mm<\/div>\n<\/div>\n<div class=\"form-field\">\n<p><label>Peso:<\/label><\/p>\n<div class=\"feature-value\">160 g<\/div>\n<\/div>\n<p>&nbsp;<\/p>\n<p><a href=\"https:\/\/www.amazon.es\/Canon-EF-50mm-1-8-distancia\/dp\/B00005K47X\">C\u00d3MPRALO\u00a0 EN \u00c1MAZON<\/a><\/p>\n<div id=\"themify_builder_content-8637\" data-postid=\"8637\" class=\"themify_builder_content themify_builder_content-8637 themify_builder themify_builder_front\">\n\n\t<\/div>\n<!-- \/themify_builder_content -->","protected":false},"excerpt":{"rendered":"<p>Los objetivos fijos son los que marcan la diferencia en fotograf\u00eda, cuando usas uno por primera vez te das cuenta de que eso es lo que tu quer\u00edas para tus fotos. Lo digo por experiencia, porque en nuestros cursos de iniciaci\u00f3n tenemos objetivos de estas caracter\u00edsticas para que los alumnos los prueben, y sus reacciones [&hellip;]<\/p>\n","protected":false},"author":2,"featured_media":0,"comment_status":"closed","ping_status":"closed","sticky":false,"template":"","format":"standard","meta":{"footnotes":""},"categories":[42,50,51,44],"tags":[],"class_list":["post-8637","post","type-post","status-publish","format-standard","hentry","category-blog","category-blog-destacados","category-blog-producto","category-objetivos","has-post-title","no-post-date","has-post-category","has-post-tag","has-post-comment","has-post-author"],"_links":{"self":[{"href":"https:\/\/www.estudio5con6.es\/index.php\/wp-json\/wp\/v2\/posts\/8637","targetHints":{"allow":["GET"]}}],"collection":[{"href":"https:\/\/www.estudio5con6.es\/index.php\/wp-json\/wp\/v2\/posts"}],"about":[{"href":"https:\/\/www.estudio5con6.es\/index.php\/wp-json\/wp\/v2\/types\/post"}],"author":[{"embeddable":true,"href":"https:\/\/www.estudio5con6.es\/index.php\/wp-json\/wp\/v2\/users\/2"}],"replies":[{"embeddable":true,"href":"https:\/\/www.estudio5con6.es\/index.php\/wp-json\/wp\/v2\/comments?post=8637"}],"version-history":[{"count":7,"href":"https:\/\/www.estudio5con6.es\/index.php\/wp-json\/wp\/v2\/posts\/8637\/revisions"}],"predecessor-version":[{"id":8648,"href":"https:\/\/www.estudio5con6.es\/index.php\/wp-json\/wp\/v2\/posts\/8637\/revisions\/8648"}],"wp:attachment":[{"href":"https:\/\/www.estudio5con6.es\/index.php\/wp-json\/wp\/v2\/media?parent=8637"}],"wp:term":[{"taxonomy":"category","embeddable":true,"href":"https:\/\/www.estudio5con6.es\/index.php\/wp-json\/wp\/v2\/categories?post=8637"},{"taxonomy":"post_tag","embeddable":true,"href":"https:\/\/www.estudio5con6.es\/index.php\/wp-json\/wp\/v2\/tags?post=8637"}],"curies":[{"name":"wp","href":"https:\/\/api.w.org\/{rel}","templated":true}]}}