{"id":13623,"date":"2020-03-04T15:58:40","date_gmt":"2020-03-04T15:58:40","guid":{"rendered":"http:\/\/www.estudio5con6.es\/?p=13623"},"modified":"2020-03-05T08:12:44","modified_gmt":"2020-03-05T08:12:44","slug":"curso-de-fotografia-en-semana-santa","status":"publish","type":"post","link":"https:\/\/www.estudio5con6.es\/index.php\/2020\/03\/04\/curso-de-fotografia-en-semana-santa\/","title":{"rendered":"CURSO DE FOTOGRAF\u00cdA EN SEMANA SANTA"},"content":{"rendered":"<div style=\"width: 1080px; \" class=\"wp-video\"><!--[if lt IE 9]><script>document.createElement('video');<\/script><![endif]-->\n<video class=\"wp-video-shortcode\" id=\"video-13623-1\" width=\"1080\" height=\"1080\" loop autoplay preload=\"metadata\" controls=\"controls\"><source type=\"video\/mp4\" src=\"https:\/\/www.estudio5con6.es\/wp-content\/uploads\/2020\/03\/Foto-creativa_Resumen-Post.mp4?_=1\" \/><a href=\"https:\/\/www.estudio5con6.es\/wp-content\/uploads\/2020\/03\/Foto-creativa_Resumen-Post.mp4\">https:\/\/www.estudio5con6.es\/wp-content\/uploads\/2020\/03\/Foto-creativa_Resumen-Post.mp4<\/a><\/video><\/div>\n<p>&nbsp;<\/p>\n<p>Estamos preparando un curso de fotograf\u00eda creativa para j\u00f3venes para Semana Santa. Ya lo hicimos en las pasadas navidades y queremos repetir en la semana de vacaciones de nuestros chavales, que coincide con la semana del 13 al 17 de abril. En breve lanzaremos toda la informaci\u00f3n, horario, precios, material necesario y temario que trataremos. Estar\u00e1 impartido por LEOmu\u00f1oz, fot\u00f3grafo de Estudio 5con6 y ser\u00e1 en las dependencias de Academia Liceo Quintiliano en calle General Gallarza 16, oficinas planta baja en Calahorra (La Rioja). El curso se centra en la pr\u00e1ctica con la c\u00e1mara en la calle y utilizaremos mil recursos para obtener fotos creativas como esta.<\/p>\n<p><img loading=\"lazy\" decoding=\"async\" class=\"size-large wp-image-13637 aligncenter\" src=\"https:\/\/www.estudio5con6.es\/wp-content\/uploads\/2020\/03\/A1B9670_web-1024x683.jpg\" alt=\"\" width=\"1024\" height=\"683\" srcset=\"https:\/\/www.estudio5con6.es\/wp-content\/uploads\/2020\/03\/A1B9670_web-1024x683.jpg 1024w, https:\/\/www.estudio5con6.es\/wp-content\/uploads\/2020\/03\/A1B9670_web-300x200.jpg 300w, https:\/\/www.estudio5con6.es\/wp-content\/uploads\/2020\/03\/A1B9670_web-768x512.jpg 768w, https:\/\/www.estudio5con6.es\/wp-content\/uploads\/2020\/03\/A1B9670_web.jpg 1200w\" sizes=\"auto, (max-width: 1024px) 100vw, 1024px\" \/><\/p>\n<p><img loading=\"lazy\" decoding=\"async\" class=\"size-large wp-image-13638 aligncenter\" src=\"https:\/\/www.estudio5con6.es\/wp-content\/uploads\/2020\/03\/A1B9662_web-1024x683.jpg\" alt=\"\" width=\"1024\" height=\"683\" srcset=\"https:\/\/www.estudio5con6.es\/wp-content\/uploads\/2020\/03\/A1B9662_web-1024x683.jpg 1024w, https:\/\/www.estudio5con6.es\/wp-content\/uploads\/2020\/03\/A1B9662_web-300x200.jpg 300w, https:\/\/www.estudio5con6.es\/wp-content\/uploads\/2020\/03\/A1B9662_web-768x512.jpg 768w, https:\/\/www.estudio5con6.es\/wp-content\/uploads\/2020\/03\/A1B9662_web.jpg 1200w\" sizes=\"auto, (max-width: 1024px) 100vw, 1024px\" \/><\/p>\n<div id=\"themify_builder_content-13623\" data-postid=\"13623\" class=\"themify_builder_content themify_builder_content-13623 themify_builder themify_builder_front\">\n\n\t<\/div>\n<!-- \/themify_builder_content -->","protected":false},"excerpt":{"rendered":"<p>&nbsp; Estamos preparando un curso de fotograf\u00eda creativa para j\u00f3venes para Semana Santa. Ya lo hicimos en las pasadas navidades y queremos repetir en la semana de vacaciones de nuestros chavales, que coincide con la semana del 13 al 17 de abril. En breve lanzaremos toda la informaci\u00f3n, horario, precios, material necesario y temario que [&hellip;]<\/p>\n","protected":false},"author":2,"featured_media":13634,"comment_status":"closed","ping_status":"closed","sticky":false,"template":"","format":"standard","meta":{"footnotes":""},"categories":[42,50,49,30],"tags":[68,67,58,69,57,62,70,66,59,65,64],"class_list":["post-13623","post","type-post","status-publish","format-standard","has-post-thumbnail","hentry","category-blog","category-blog-destacados","category-blog-fijo","category-cursos","tag-bodas-en-calahorra","tag-bodas-la-rioja","tag-calahorra","tag-curso-de-fotografia","tag-cursos","tag-estudio-5con6","tag-fotografia-para-jovenes","tag-fotografo-de-bodas","tag-fotografo-en-calahorra","tag-fotografo-en-la-rioja","tag-leomunoz","has-post-title","no-post-date","has-post-category","has-post-tag","has-post-comment","has-post-author"],"_links":{"self":[{"href":"https:\/\/www.estudio5con6.es\/index.php\/wp-json\/wp\/v2\/posts\/13623","targetHints":{"allow":["GET"]}}],"collection":[{"href":"https:\/\/www.estudio5con6.es\/index.php\/wp-json\/wp\/v2\/posts"}],"about":[{"href":"https:\/\/www.estudio5con6.es\/index.php\/wp-json\/wp\/v2\/types\/post"}],"author":[{"embeddable":true,"href":"https:\/\/www.estudio5con6.es\/index.php\/wp-json\/wp\/v2\/users\/2"}],"replies":[{"embeddable":true,"href":"https:\/\/www.estudio5con6.es\/index.php\/wp-json\/wp\/v2\/comments?post=13623"}],"version-history":[{"count":11,"href":"https:\/\/www.estudio5con6.es\/index.php\/wp-json\/wp\/v2\/posts\/13623\/revisions"}],"predecessor-version":[{"id":13639,"href":"https:\/\/www.estudio5con6.es\/index.php\/wp-json\/wp\/v2\/posts\/13623\/revisions\/13639"}],"wp:featuredmedia":[{"embeddable":true,"href":"https:\/\/www.estudio5con6.es\/index.php\/wp-json\/wp\/v2\/media\/13634"}],"wp:attachment":[{"href":"https:\/\/www.estudio5con6.es\/index.php\/wp-json\/wp\/v2\/media?parent=13623"}],"wp:term":[{"taxonomy":"category","embeddable":true,"href":"https:\/\/www.estudio5con6.es\/index.php\/wp-json\/wp\/v2\/categories?post=13623"},{"taxonomy":"post_tag","embeddable":true,"href":"https:\/\/www.estudio5con6.es\/index.php\/wp-json\/wp\/v2\/tags?post=13623"}],"curies":[{"name":"wp","href":"https:\/\/api.w.org\/{rel}","templated":true}]}}