{"id":12541,"date":"2019-07-02T23:36:48","date_gmt":"2019-07-02T23:36:48","guid":{"rendered":"http:\/\/www.estudio5con6.es\/?p=12541"},"modified":"2019-09-27T15:47:14","modified_gmt":"2019-09-27T15:47:14","slug":"un-trocito-de-aqui-un-trocito-de-ti","status":"publish","type":"post","link":"https:\/\/www.estudio5con6.es\/index.php\/2019\/07\/02\/un-trocito-de-aqui-un-trocito-de-ti\/","title":{"rendered":"UN TROCITO DE AQUI, UN TROCITO DE TI."},"content":{"rendered":"<p><img loading=\"lazy\" decoding=\"async\" class=\"size-large wp-image-13495 aligncenter\" src=\"https:\/\/www.estudio5con6.es\/wp-content\/uploads\/2019\/07\/CARTEL-ARTE-JOVEN-2019-724x1024.jpg\" alt=\"\" width=\"724\" height=\"1024\" srcset=\"https:\/\/www.estudio5con6.es\/wp-content\/uploads\/2019\/07\/CARTEL-ARTE-JOVEN-2019-724x1024.jpg 724w, https:\/\/www.estudio5con6.es\/wp-content\/uploads\/2019\/07\/CARTEL-ARTE-JOVEN-2019-212x300.jpg 212w, https:\/\/www.estudio5con6.es\/wp-content\/uploads\/2019\/07\/CARTEL-ARTE-JOVEN-2019-768x1086.jpg 768w, https:\/\/www.estudio5con6.es\/wp-content\/uploads\/2019\/07\/CARTEL-ARTE-JOVEN-2019.jpg 842w\" sizes=\"auto, (max-width: 724px) 100vw, 724px\" \/><\/p>\n<p>\u00bfQue es &#8216;Un trocito de ti, un trocito de aqu\u00ed&#8217;?<\/p>\n<p>Es un proyecto art\u00edstico que a\u00fana fotograf\u00eda y literatura o escritura, concretamente la disciplina del microrrelato.\u00a0 El Consejo de la Juventud de Calahorra lanza por segundo a\u00f1o consecutivo, y en vista del gran \u00e9xito cosechado en la primera edici\u00f3n, el segundo certamen &#8216;UNA RONDA CON ARTE JOVEN&#8217;. En la edici\u00f3n de 2018 participaron 35 artistas calagurritanos en diferentes disciplinas y para este a\u00f1o todo est\u00e1 en marcha para que tome forma a finales de septiembre. <strong>&#8216;Un trocito de t\u00ed, un trocito de aqu\u00ed&#8217;<\/strong> es el proyecto personal que presentar\u00e1 el fot\u00f3grafo calagurritano LEOmu\u00f1oz, y que parte de la base de las fotograf\u00edas tomadas en el reto personal que llev\u00f3 a cabo en 2013 con la serie &#8216;365 Amaneceres&#8217;. En esta ocasi\u00f3n aunar\u00e1 dos disciplinas, la fotograf\u00eda y la literatura o escritura, concretamente la disciplina conocida como microrrelato. Para ello ha pedido la colaboraci\u00f3n de diversos escritores profesionales y amateurs calagurritanos (Ernesto Ortega, Mario Herreros, Alicia Manzanares, Ivan Tom\u00e1s Mendoza y Ana C. Garc\u00eda Vitora)\u00a0 para crear diferentes historias (microrelatos) inspiradas en sus fotograf\u00edas. Los textos ser\u00e1n impresos en la parte trasera de cada imagen, y estar\u00e1n incompletos para que el espectador o viandante consiga la serie completa que le permita disfrutar de la lectura del microrrelato terminado. Por supuesto que cada microrrelato llevar\u00e1 la firma del autor, con la gran particularidad de que las im\u00e1genes se dispersaran, debidamente protegidas, por singulares rincones de nuestro casco antiguo para que cualquier persona pueda encontrarse fortuitamente las im\u00e1genes con los textos. Cada imagen llevar\u00e1 tambi\u00e9n impreso un c\u00f3digo Qr para que el espectador pueda informarse debidamente del proyecto y leer estas lineas informativas en este blog.<\/p>\n<p>A continuaci\u00f3n la imagen y la trasera de la postal con la primera parte el microrrelato de Ana C. Garc\u00eda Vitoria.<\/p>\n<p><img loading=\"lazy\" decoding=\"async\" class=\"alignnone size-large wp-image-13497 aligncenter\" src=\"https:\/\/www.estudio5con6.es\/wp-content\/uploads\/2019\/07\/353_MG_6140_Parte1-1024x757.jpg\" alt=\"\" width=\"1024\" height=\"757\" srcset=\"https:\/\/www.estudio5con6.es\/wp-content\/uploads\/2019\/07\/353_MG_6140_Parte1-1024x757.jpg 1024w, https:\/\/www.estudio5con6.es\/wp-content\/uploads\/2019\/07\/353_MG_6140_Parte1-300x222.jpg 300w, https:\/\/www.estudio5con6.es\/wp-content\/uploads\/2019\/07\/353_MG_6140_Parte1-768x568.jpg 768w\" sizes=\"auto, (max-width: 1024px) 100vw, 1024px\" \/><\/p>\n<p>&nbsp;<\/p>\n<p><img loading=\"lazy\" decoding=\"async\" class=\"alignnone size-large wp-image-13496 aligncenter\" src=\"https:\/\/www.estudio5con6.es\/wp-content\/uploads\/2019\/07\/CaraB_PostalAnaC_Parte1-1024x726.jpg\" alt=\"\" width=\"1024\" height=\"726\" srcset=\"https:\/\/www.estudio5con6.es\/wp-content\/uploads\/2019\/07\/CaraB_PostalAnaC_Parte1-1024x726.jpg 1024w, https:\/\/www.estudio5con6.es\/wp-content\/uploads\/2019\/07\/CaraB_PostalAnaC_Parte1-300x213.jpg 300w, https:\/\/www.estudio5con6.es\/wp-content\/uploads\/2019\/07\/CaraB_PostalAnaC_Parte1-768x545.jpg 768w, https:\/\/www.estudio5con6.es\/wp-content\/uploads\/2019\/07\/CaraB_PostalAnaC_Parte1.jpg 1480w\" sizes=\"auto, (max-width: 1024px) 100vw, 1024px\" \/><\/p>\n<p>Los microrrelatos est\u00e1n estructrados en tres partes y cada parte la podr\u00e9is encontrar en la cara B de cada postal. La podr\u00e9is encontrar literalmente, porque las postales se tiraran por la calle, en el recorrido de la muestra de Arte Joven, quiz\u00e1s os las encontr\u00e9is colgadas de un \u00e1rbol, en el quicio de una puerta, sobre la ventana de un bajo o incluso en medio de la calle. Lo pod\u00e9is ver en el ejemplo de la Primera Parte del Microrrelato de Ana C. Garc\u00eda Vitoria, titulado &#8216;La Ciudad de las Maravillas&#8217; ilustrada con una foto del amanecer n\u00famero 353 del reto de LEOmu\u00f1oz. A continuaci\u00f3n podr\u00e9is leer \u00fanicamente la primera parte de cada uno de los microrrelatos de los autores que han participado, el resto est\u00e1 en las calles, encuentralos.<\/p>\n<p>&#8216;El amor de Luc\u00eda&#8217; de Mario Herrero.<\/p>\n<p><img loading=\"lazy\" decoding=\"async\" class=\"alignnone size-large wp-image-13498 aligncenter\" src=\"https:\/\/www.estudio5con6.es\/wp-content\/uploads\/2019\/07\/354_MG_6221_1-1024x683.jpg\" alt=\"\" width=\"1024\" height=\"683\" srcset=\"https:\/\/www.estudio5con6.es\/wp-content\/uploads\/2019\/07\/354_MG_6221_1-1024x683.jpg 1024w, https:\/\/www.estudio5con6.es\/wp-content\/uploads\/2019\/07\/354_MG_6221_1-300x200.jpg 300w, https:\/\/www.estudio5con6.es\/wp-content\/uploads\/2019\/07\/354_MG_6221_1-768x512.jpg 768w\" sizes=\"auto, (max-width: 1024px) 100vw, 1024px\" \/><\/p>\n<p>&nbsp;<\/p>\n<p><img loading=\"lazy\" decoding=\"async\" class=\"alignnone size-large wp-image-13499 aligncenter\" src=\"https:\/\/www.estudio5con6.es\/wp-content\/uploads\/2019\/07\/CaraB_PostalMario_Parte1-1024x758.jpg\" alt=\"\" width=\"1024\" height=\"758\" srcset=\"https:\/\/www.estudio5con6.es\/wp-content\/uploads\/2019\/07\/CaraB_PostalMario_Parte1-1024x758.jpg 1024w, https:\/\/www.estudio5con6.es\/wp-content\/uploads\/2019\/07\/CaraB_PostalMario_Parte1-300x222.jpg 300w, https:\/\/www.estudio5con6.es\/wp-content\/uploads\/2019\/07\/CaraB_PostalMario_Parte1-768x568.jpg 768w, https:\/\/www.estudio5con6.es\/wp-content\/uploads\/2019\/07\/CaraB_PostalMario_Parte1.jpg 1500w\" sizes=\"auto, (max-width: 1024px) 100vw, 1024px\" \/><\/p>\n<p>&#8216;Supervivencia&#8217; de Ivan Tom\u00e1s Mendoza.<\/p>\n<p><img loading=\"lazy\" decoding=\"async\" class=\"alignnone size-large wp-image-13500 aligncenter\" src=\"https:\/\/www.estudio5con6.es\/wp-content\/uploads\/2019\/07\/268_MG_6792_Parte1-1024x683.jpg\" alt=\"\" width=\"1024\" height=\"683\" srcset=\"https:\/\/www.estudio5con6.es\/wp-content\/uploads\/2019\/07\/268_MG_6792_Parte1-1024x683.jpg 1024w, https:\/\/www.estudio5con6.es\/wp-content\/uploads\/2019\/07\/268_MG_6792_Parte1-300x200.jpg 300w, https:\/\/www.estudio5con6.es\/wp-content\/uploads\/2019\/07\/268_MG_6792_Parte1-768x512.jpg 768w\" sizes=\"auto, (max-width: 1024px) 100vw, 1024px\" \/><\/p>\n<p>&nbsp;<\/p>\n<p><img loading=\"lazy\" decoding=\"async\" class=\"alignnone size-large wp-image-13501 aligncenter\" src=\"https:\/\/www.estudio5con6.es\/wp-content\/uploads\/2019\/07\/CaraB_PostalIvan_Parte1-1024x726.jpg\" alt=\"\" width=\"1024\" height=\"726\" srcset=\"https:\/\/www.estudio5con6.es\/wp-content\/uploads\/2019\/07\/CaraB_PostalIvan_Parte1-1024x726.jpg 1024w, https:\/\/www.estudio5con6.es\/wp-content\/uploads\/2019\/07\/CaraB_PostalIvan_Parte1-300x213.jpg 300w, https:\/\/www.estudio5con6.es\/wp-content\/uploads\/2019\/07\/CaraB_PostalIvan_Parte1-768x545.jpg 768w, https:\/\/www.estudio5con6.es\/wp-content\/uploads\/2019\/07\/CaraB_PostalIvan_Parte1.jpg 1480w\" sizes=\"auto, (max-width: 1024px) 100vw, 1024px\" \/><\/p>\n<p>&#8216;Un trocito de aqu\u00ed, un trocito de ti&#8217; de Alicia Manzanres.<\/p>\n<p><img loading=\"lazy\" decoding=\"async\" class=\"size-large wp-image-13502 aligncenter\" src=\"https:\/\/www.estudio5con6.es\/wp-content\/uploads\/2019\/07\/052_MG_6067_2_Parte1-1024x758.jpg\" alt=\"\" width=\"1024\" height=\"758\" srcset=\"https:\/\/www.estudio5con6.es\/wp-content\/uploads\/2019\/07\/052_MG_6067_2_Parte1-1024x758.jpg 1024w, https:\/\/www.estudio5con6.es\/wp-content\/uploads\/2019\/07\/052_MG_6067_2_Parte1-300x222.jpg 300w, https:\/\/www.estudio5con6.es\/wp-content\/uploads\/2019\/07\/052_MG_6067_2_Parte1-768x568.jpg 768w, https:\/\/www.estudio5con6.es\/wp-content\/uploads\/2019\/07\/052_MG_6067_2_Parte1.jpg 1500w\" sizes=\"auto, (max-width: 1024px) 100vw, 1024px\" \/><\/p>\n<p>&nbsp;<\/p>\n<p><img loading=\"lazy\" decoding=\"async\" class=\"alignnone size-large wp-image-13503 aligncenter\" src=\"https:\/\/www.estudio5con6.es\/wp-content\/uploads\/2019\/07\/CaraB_PostalAlicia_Parte1-1024x758.jpg\" alt=\"\" width=\"1024\" height=\"758\" srcset=\"https:\/\/www.estudio5con6.es\/wp-content\/uploads\/2019\/07\/CaraB_PostalAlicia_Parte1-1024x758.jpg 1024w, https:\/\/www.estudio5con6.es\/wp-content\/uploads\/2019\/07\/CaraB_PostalAlicia_Parte1-300x222.jpg 300w, https:\/\/www.estudio5con6.es\/wp-content\/uploads\/2019\/07\/CaraB_PostalAlicia_Parte1-768x568.jpg 768w, https:\/\/www.estudio5con6.es\/wp-content\/uploads\/2019\/07\/CaraB_PostalAlicia_Parte1.jpg 1500w\" sizes=\"auto, (max-width: 1024px) 100vw, 1024px\" \/><\/p>\n<p>&#8216;Amaneceres&#8217; de Ernesto Ortega.<\/p>\n<p><img loading=\"lazy\" decoding=\"async\" class=\"alignnone size-large wp-image-13504 aligncenter\" src=\"https:\/\/www.estudio5con6.es\/wp-content\/uploads\/2019\/07\/083_MG_6952_Parte1-1024x683.jpg\" alt=\"\" width=\"1024\" height=\"683\" srcset=\"https:\/\/www.estudio5con6.es\/wp-content\/uploads\/2019\/07\/083_MG_6952_Parte1-1024x683.jpg 1024w, https:\/\/www.estudio5con6.es\/wp-content\/uploads\/2019\/07\/083_MG_6952_Parte1-300x200.jpg 300w, https:\/\/www.estudio5con6.es\/wp-content\/uploads\/2019\/07\/083_MG_6952_Parte1-768x512.jpg 768w\" sizes=\"auto, (max-width: 1024px) 100vw, 1024px\" \/><\/p>\n<p>&nbsp;<\/p>\n<p><img loading=\"lazy\" decoding=\"async\" class=\"alignnone size-large wp-image-13505 aligncenter\" src=\"https:\/\/www.estudio5con6.es\/wp-content\/uploads\/2019\/07\/CaraB_PostalErnesto_Parte1-1024x758.jpg\" alt=\"\" width=\"1024\" height=\"758\" srcset=\"https:\/\/www.estudio5con6.es\/wp-content\/uploads\/2019\/07\/CaraB_PostalErnesto_Parte1-1024x758.jpg 1024w, https:\/\/www.estudio5con6.es\/wp-content\/uploads\/2019\/07\/CaraB_PostalErnesto_Parte1-300x222.jpg 300w, https:\/\/www.estudio5con6.es\/wp-content\/uploads\/2019\/07\/CaraB_PostalErnesto_Parte1-768x568.jpg 768w, https:\/\/www.estudio5con6.es\/wp-content\/uploads\/2019\/07\/CaraB_PostalErnesto_Parte1.jpg 1500w\" sizes=\"auto, (max-width: 1024px) 100vw, 1024px\" \/><\/p>\n<div id=\"themify_builder_content-12541\" data-postid=\"12541\" class=\"themify_builder_content themify_builder_content-12541 themify_builder themify_builder_front\">\n\n\t<\/div>\n<!-- \/themify_builder_content -->","protected":false},"excerpt":{"rendered":"<p>\u00bfQue es &#8216;Un trocito de ti, un trocito de aqu\u00ed&#8217;? Es un proyecto art\u00edstico que a\u00fana fotograf\u00eda y literatura o escritura, concretamente la disciplina del microrrelato.\u00a0 El Consejo de la Juventud de Calahorra lanza por segundo a\u00f1o consecutivo, y en vista del gran \u00e9xito cosechado en la primera edici\u00f3n, el segundo certamen &#8216;UNA RONDA CON [&hellip;]<\/p>\n","protected":false},"author":2,"featured_media":0,"comment_status":"closed","ping_status":"closed","sticky":false,"template":"","format":"standard","meta":{"footnotes":""},"categories":[42],"tags":[],"class_list":["post-12541","post","type-post","status-publish","format-standard","hentry","category-blog","has-post-title","no-post-date","has-post-category","has-post-tag","has-post-comment","has-post-author"],"_links":{"self":[{"href":"https:\/\/www.estudio5con6.es\/index.php\/wp-json\/wp\/v2\/posts\/12541","targetHints":{"allow":["GET"]}}],"collection":[{"href":"https:\/\/www.estudio5con6.es\/index.php\/wp-json\/wp\/v2\/posts"}],"about":[{"href":"https:\/\/www.estudio5con6.es\/index.php\/wp-json\/wp\/v2\/types\/post"}],"author":[{"embeddable":true,"href":"https:\/\/www.estudio5con6.es\/index.php\/wp-json\/wp\/v2\/users\/2"}],"replies":[{"embeddable":true,"href":"https:\/\/www.estudio5con6.es\/index.php\/wp-json\/wp\/v2\/comments?post=12541"}],"version-history":[{"count":4,"href":"https:\/\/www.estudio5con6.es\/index.php\/wp-json\/wp\/v2\/posts\/12541\/revisions"}],"predecessor-version":[{"id":13507,"href":"https:\/\/www.estudio5con6.es\/index.php\/wp-json\/wp\/v2\/posts\/12541\/revisions\/13507"}],"wp:attachment":[{"href":"https:\/\/www.estudio5con6.es\/index.php\/wp-json\/wp\/v2\/media?parent=12541"}],"wp:term":[{"taxonomy":"category","embeddable":true,"href":"https:\/\/www.estudio5con6.es\/index.php\/wp-json\/wp\/v2\/categories?post=12541"},{"taxonomy":"post_tag","embeddable":true,"href":"https:\/\/www.estudio5con6.es\/index.php\/wp-json\/wp\/v2\/tags?post=12541"}],"curies":[{"name":"wp","href":"https:\/\/api.w.org\/{rel}","templated":true}]}}