{"id":11641,"date":"2019-02-05T23:43:19","date_gmt":"2019-02-05T23:43:19","guid":{"rendered":"http:\/\/www.estudio5con6.es\/?p=11641"},"modified":"2019-02-07T19:26:31","modified_gmt":"2019-02-07T19:26:31","slug":"regala-un-reto-fotografico","status":"publish","type":"post","link":"https:\/\/www.estudio5con6.es\/index.php\/2019\/02\/05\/regala-un-reto-fotografico\/","title":{"rendered":"REGALA UN RETO FOTOGRAFICO"},"content":{"rendered":"<p><img loading=\"lazy\" decoding=\"async\" class=\"aligncenter size-large wp-image-11642\" src=\"https:\/\/www.estudio5con6.es\/wp-content\/uploads\/2019\/02\/A1B7707-1024x683.jpg\" alt=\"\" width=\"1024\" height=\"683\" srcset=\"https:\/\/www.estudio5con6.es\/wp-content\/uploads\/2019\/02\/A1B7707-1024x683.jpg 1024w, https:\/\/www.estudio5con6.es\/wp-content\/uploads\/2019\/02\/A1B7707-300x200.jpg 300w, https:\/\/www.estudio5con6.es\/wp-content\/uploads\/2019\/02\/A1B7707-768x512.jpg 768w, https:\/\/www.estudio5con6.es\/wp-content\/uploads\/2019\/02\/A1B7707.jpg 1200w\" sizes=\"auto, (max-width: 1024px) 100vw, 1024px\" \/><\/p>\n<p>Seguro que tienes un amigo o un familiar, tu marido, tu primo, tu hermana o tu t\u00eda mismamente que le gusta mucho la fotograf\u00eda, vamos que es un apasionado\/a. Siempre va a cuestas con la c\u00e1mara a todos lados y siempre la ves en los eventos m\u00e1s importante y hasta en las vacaciones haciendo fotos a todo lo que se menea. Y seguro que ha llegado su cumplea\u00f1os, o las navidades, o el amigo secreto y no has sabido que regalarle, verdad?<\/p>\n<p>Pues aqu\u00ed tienes el regalo ideal para un fot\u00f3grafo aficionado, regalal\u00e9 un reto fotogr\u00e1fico!!!<\/p>\n<p>Tranquilos, os explico de que va esto, porque quiz\u00e1s vosotros no le encontr\u00e9is sentido pero para ellos va a ser un disfrute emocional y creativo de lo lindo.<\/p>\n<p>\u00bfQUE ES UN RETO FOTOGR\u00c1FICO?<\/p>\n<p>Un reto fotogr\u00e1fico consiste en hacer una foto al d\u00eda relacionada con el tema correspondiente que nos toque, es decir, cada d\u00eda del reto se habr\u00e1 propuesto un tema fotogr\u00e1fico a realizar, por ejemplo &#8216;azul&#8217;, o &#8216;simetr\u00edas&#8217;, o &#8216;contraluz&#8217; o cualquier otra cosa relacionada con la fotograf\u00eda o no que consiga agudizar el ingenio del fot\u00f3grafo para llevar a cabo la foto. Hay varias modalidades, la m\u00e1s extrema se realiza durante un a\u00f1o entero, con lo que el fot\u00f3grafo al final del reto tendr\u00e1 sus 365 fotos asociadas a los temas correspondientes. Tambi\u00e9n se suele llevar a cabo por meses, un trimestre entero (90 fotos), o incluso solo un mes (30 fotos). La verdad es que el reto se puede plantear como se quiera, incluso una foto a la semana para los que el trabajo les inunda y solo tienen libre el fin de semana para coger la c\u00e1mara.<\/p>\n<p><img loading=\"lazy\" decoding=\"async\" class=\"aligncenter size-large wp-image-11643\" src=\"https:\/\/www.estudio5con6.es\/wp-content\/uploads\/2019\/02\/A1B7711-1024x683.jpg\" alt=\"\" width=\"1024\" height=\"683\" srcset=\"https:\/\/www.estudio5con6.es\/wp-content\/uploads\/2019\/02\/A1B7711-1024x683.jpg 1024w, https:\/\/www.estudio5con6.es\/wp-content\/uploads\/2019\/02\/A1B7711-300x200.jpg 300w, https:\/\/www.estudio5con6.es\/wp-content\/uploads\/2019\/02\/A1B7711-768x512.jpg 768w, https:\/\/www.estudio5con6.es\/wp-content\/uploads\/2019\/02\/A1B7711.jpg 1200w\" sizes=\"auto, (max-width: 1024px) 100vw, 1024px\" \/><\/p>\n<p>\u00bfPERO Y QUE SENTIDO TIENE ESTO?<\/p>\n<p>Para el fot\u00f3grafo es un gran ejercicio de entrenamiento, de hecho todos y cada uno de los fot\u00f3grafos deber\u00edan probar esto al menos una vez en la vida, el aprendizaje es infinito. Te obliga a estar pensando en fotograf\u00eda constantemente con el \u00fanico fin de conseguir la foto que llevas en mente y seguramente te obligar\u00e1 a utilizar t\u00e9cnicas que nunca hubieses pensado, y adem\u00e1s puedes utilizar la c\u00e1mara que te plazca, ya tengas una r\u00e9flex, una compacta, una bridge o un smartphone. La c\u00e1mara no importa, lo importante est\u00e1 en tu cabeza y el fin es obtener la foto buscada.<\/p>\n<p><img loading=\"lazy\" decoding=\"async\" class=\"aligncenter size-large wp-image-11645\" src=\"https:\/\/www.estudio5con6.es\/wp-content\/uploads\/2019\/02\/A1B7714-1024x683.jpg\" alt=\"\" width=\"1024\" height=\"683\" srcset=\"https:\/\/www.estudio5con6.es\/wp-content\/uploads\/2019\/02\/A1B7714-1024x683.jpg 1024w, https:\/\/www.estudio5con6.es\/wp-content\/uploads\/2019\/02\/A1B7714-300x200.jpg 300w, https:\/\/www.estudio5con6.es\/wp-content\/uploads\/2019\/02\/A1B7714-768x512.jpg 768w, https:\/\/www.estudio5con6.es\/wp-content\/uploads\/2019\/02\/A1B7714.jpg 1200w\" sizes=\"auto, (max-width: 1024px) 100vw, 1024px\" \/><\/p>\n<p>\u00bfQUE VOY A ENCONTRARME EN LA CAJA DEL RETO?<\/p>\n<p>Si ya tienes entre tus manos este regalazo vamos a despertarte esa creatividad, vamos a activarla, todos la llevamos dentro pero hay que entrenarla. Presta atenci\u00f3n, al abrir la caja encontrar\u00e1s una peana de madera con un Click de Famobil personalizado que intenta plasmar aquello con lo que m\u00e1s disfrutas y adem\u00e1s encontrar\u00e1s un n\u00famero determinado de tarjetas, tantas como hallamos pactado con la persona que te hace el regalo, te explico:<\/p>\n<ul>\n<li>si encuentras 15 o 16 tarjetas el reto es semanal, tendr\u00e1s toda una semana o el fin de semana, eso como tu te apa\u00f1es para conseguir la foto del tema que viene escrito en cada tarjeta. Por lo tanto tu &#8216;reto&#8217; dura 15 semanas, una por foto.<\/li>\n<li>si encuentras 30 o 31 tarjetas el reto es mensual, tendr\u00e1s que fotografiar una foto al d\u00eda durante un mes, comenzando el d\u00eda que recibas tu &#8216;reto&#8217;, as\u00ed pues al terminar el mes debes tener en tu c\u00e1mara 30 fotos.<\/li>\n<\/ul>\n<p>Las tarjetas no van numeradas puedes comenzar con la que m\u00e1s rabia te d\u00e9, incluso puedes planear que foto te viene mejor hacer el fin de semana, o al d\u00eda siguiente seg\u00fan sea tu reto semanal o mensual, ten en cuenta que si tienes planeado un viaje a la nieve puede que uno de los temas sea &#8216;nieve&#8217; o &#8216;paisaje nevado&#8217; 0 &#8216;blancos&#8217; o &#8216;esquiando&#8217;, as\u00ed que te conviene ojear todas las tarjetas.<\/p>\n<p>Supongo que habr\u00e1s adivinado que las tarjetas son para que al finalizar el reto pegues tu foto en cada una de ellas y utilices la peana para colocar la que m\u00e1s te guste. Por cierto debes saber que los temas que elegimos para ti son personalizados, a parte de tratar temas fotogr\u00e1ficos tambi\u00e9n tratamos de que sean afines a la vida que desarrollas diariamente.<\/p>\n<p><img loading=\"lazy\" decoding=\"async\" class=\"aligncenter size-large wp-image-11647\" src=\"https:\/\/www.estudio5con6.es\/wp-content\/uploads\/2019\/02\/A1B7716-1024x683.jpg\" alt=\"\" width=\"1024\" height=\"683\" srcset=\"https:\/\/www.estudio5con6.es\/wp-content\/uploads\/2019\/02\/A1B7716-1024x683.jpg 1024w, https:\/\/www.estudio5con6.es\/wp-content\/uploads\/2019\/02\/A1B7716-300x200.jpg 300w, https:\/\/www.estudio5con6.es\/wp-content\/uploads\/2019\/02\/A1B7716-768x512.jpg 768w, https:\/\/www.estudio5con6.es\/wp-content\/uploads\/2019\/02\/A1B7716.jpg 1200w\" sizes=\"auto, (max-width: 1024px) 100vw, 1024px\" \/><\/p>\n<p>\u00bfQUE PASA SI TERMINAS EL RETO?<\/p>\n<p>Si terminas el reto en el plazo establecido puedes enviarnos las fotos al siguiente correo electr\u00f3nico (contacto@estudio5con6.es) y te las emprimiremos a tama\u00f1o 10&#215;15, que es el que encaja en las tarjetas donde te hemos anotado los temas, solo pagar\u00e1s los portes de vuelta. Y culminar\u00e1s el reto cuando hayas pegado cada foto en su correspondiente tarjeta.<\/p>\n<p>PRECIO DEL RETO<\/p>\n<p>El precio de este regalo tan personalizado esta muy meditado, teniendo en cuenta que es un trabajo artesanal, que hemos incluido el precio de las fotos impresas (si finalizas el reto y nos las env\u00edas por correo te las imprimimos) y que no tienes que pagar los portes de los env\u00edos. Solo tendr\u00e1s que hacer un \u00fanico pago de <em><strong>75\u20ac<\/strong><\/em> a trav\u00e9s de trasferencia bancaria una vez te hayas puesto en contacto con nosotros a trav\u00e9s del correo elect\u00f3nico <em><strong>estudio5con6@gmail.com<\/strong><\/em> o del tel\u00e9fono <em><strong>941 133190<\/strong><\/em> (en horario de oficina).<\/p>\n<p>REDES SOCIALES<\/p>\n<p>El &#8216;Reto 5con6&#8217; tiene varias modalidades, todas ellas tienen presencia en las redes (facebook e instagram) a trav\u00e9s del hashtag #reto5con6. Si te apetece y eres de subir tus fotos a las redes puedes compartirlo con nosotros a\u00f1adiendo el hashtag y siguiendo lo que hacen otros aficionados como t\u00fa.<\/p>\n<p>Feliz reto!!!<\/p>\n<p>&nbsp;<\/p>\n<p>&nbsp;<\/p>\n<p><strong><em>Una idea original de Andrea y Silvia \/ \u00a92019<\/em><\/strong><\/p>\n<div id=\"themify_builder_content-11641\" data-postid=\"11641\" class=\"themify_builder_content themify_builder_content-11641 themify_builder themify_builder_front\">\n\n\t<\/div>\n<!-- \/themify_builder_content -->","protected":false},"excerpt":{"rendered":"<p>Seguro que tienes un amigo o un familiar, tu marido, tu primo, tu hermana o tu t\u00eda mismamente que le gusta mucho la fotograf\u00eda, vamos que es un apasionado\/a. Siempre va a cuestas con la c\u00e1mara a todos lados y siempre la ves en los eventos m\u00e1s importante y hasta en las vacaciones haciendo fotos [&hellip;]<\/p>\n","protected":false},"author":2,"featured_media":0,"comment_status":"closed","ping_status":"closed","sticky":false,"template":"","format":"standard","meta":{"footnotes":""},"categories":[42,49],"tags":[],"class_list":["post-11641","post","type-post","status-publish","format-standard","hentry","category-blog","category-blog-fijo","has-post-title","no-post-date","has-post-category","has-post-tag","has-post-comment","has-post-author"],"_links":{"self":[{"href":"https:\/\/www.estudio5con6.es\/index.php\/wp-json\/wp\/v2\/posts\/11641","targetHints":{"allow":["GET"]}}],"collection":[{"href":"https:\/\/www.estudio5con6.es\/index.php\/wp-json\/wp\/v2\/posts"}],"about":[{"href":"https:\/\/www.estudio5con6.es\/index.php\/wp-json\/wp\/v2\/types\/post"}],"author":[{"embeddable":true,"href":"https:\/\/www.estudio5con6.es\/index.php\/wp-json\/wp\/v2\/users\/2"}],"replies":[{"embeddable":true,"href":"https:\/\/www.estudio5con6.es\/index.php\/wp-json\/wp\/v2\/comments?post=11641"}],"version-history":[{"count":10,"href":"https:\/\/www.estudio5con6.es\/index.php\/wp-json\/wp\/v2\/posts\/11641\/revisions"}],"predecessor-version":[{"id":11657,"href":"https:\/\/www.estudio5con6.es\/index.php\/wp-json\/wp\/v2\/posts\/11641\/revisions\/11657"}],"wp:attachment":[{"href":"https:\/\/www.estudio5con6.es\/index.php\/wp-json\/wp\/v2\/media?parent=11641"}],"wp:term":[{"taxonomy":"category","embeddable":true,"href":"https:\/\/www.estudio5con6.es\/index.php\/wp-json\/wp\/v2\/categories?post=11641"},{"taxonomy":"post_tag","embeddable":true,"href":"https:\/\/www.estudio5con6.es\/index.php\/wp-json\/wp\/v2\/tags?post=11641"}],"curies":[{"name":"wp","href":"https:\/\/api.w.org\/{rel}","templated":true}]}}